{"id":9240,"date":"2026-09-01T16:56:13","date_gmt":"2026-09-01T21:56:13","guid":{"rendered":"https:\/\/p4s.co\/news\/?p=9240"},"modified":"2026-09-01T18:36:11","modified_gmt":"2026-09-01T23:36:11","slug":"familias-emprendedoras-y-ecosistemas-de-emprendimiento-segun-claudia-benavides","status":"publish","type":"post","link":"https:\/\/p4s.co\/news\/familias-emprendedoras-y-ecosistemas-de-emprendimiento-segun-claudia-benavides\/","title":{"rendered":"Familias emprendedoras y ecosistemas de emprendimiento con la ministra Claudia Benavides Salazar"},"content":{"rendered":"<div id=\"ez-toc-container\" class=\"ez-toc-v2_0_56_1 counter-hierarchy ez-toc-counter ez-toc-light-blue ez-toc-container-direction\">\n<div class=\"ez-toc-title-container\">\n<p class=\"ez-toc-title \" >&Iacute;ndice de contenidos<\/p>\n<span class=\"ez-toc-title-toggle\"><a href=\"#\" class=\"ez-toc-pull-right ez-toc-btn ez-toc-btn-xs ez-toc-btn-default ez-toc-toggle\" aria-label=\"Toggle Table of Content\" role=\"button\"><label for=\"item-6a992d8943f73\" ><span class=\"\"><span style=\"display:none;\">Toggle<\/span><span class=\"ez-toc-icon-toggle-span\"><svg style=\"fill: #999;color:#999\" xmlns=\"http:\/\/www.w3.org\/2000\/svg\" class=\"list-377408\" width=\"20px\" height=\"20px\" viewBox=\"0 0 24 24\" fill=\"none\"><path d=\"M6 6H4v2h2V6zm14 0H8v2h12V6zM4 11h2v2H4v-2zm16 0H8v2h12v-2zM4 16h2v2H4v-2zm16 0H8v2h12v-2z\" fill=\"currentColor\"><\/path><\/svg><svg style=\"fill: #999;color:#999\" class=\"arrow-unsorted-368013\" xmlns=\"http:\/\/www.w3.org\/2000\/svg\" width=\"10px\" height=\"10px\" viewBox=\"0 0 24 24\" version=\"1.2\" baseProfile=\"tiny\"><path d=\"M18.2 9.3l-6.2-6.3-6.2 6.3c-.2.2-.3.4-.3.7s.1.5.3.7c.2.2.4.3.7.3h11c.3 0 .5-.1.7-.3.2-.2.3-.5.3-.7s-.1-.5-.3-.7zM5.8 14.7l6.2 6.3 6.2-6.3c.2-.2.3-.5.3-.7s-.1-.5-.3-.7c-.2-.2-.4-.3-.7-.3h-11c-.3 0-.5.1-.7.3-.2.2-.3.5-.3.7s.1.5.3.7z\"\/><\/svg><\/span><\/span><\/label><input aria-label=\"Toggle\" aria-label=\"item-6a992d8943f73\"  type=\"checkbox\" id=\"item-6a992d8943f73\"><\/a><\/span><\/div>\n<nav><ul class='ez-toc-list ez-toc-list-level-1 eztoc-toggle-hide-by-default' ><li class='ez-toc-page-1 ez-toc-heading-level-2'><a class=\"ez-toc-link ez-toc-heading-1\" href=\"https:\/\/p4s.co\/news\/familias-emprendedoras-y-ecosistemas-de-emprendimiento-segun-claudia-benavides\/#Familias_emprendedoras_y_ecosistemas_de_emprendimiento_segun_Claudia_Benavides\" title=\"Familias emprendedoras y ecosistemas de emprendimiento seg\u00fan Claudia Benavides\">Familias emprendedoras y ecosistemas de emprendimiento seg\u00fan Claudia Benavides<\/a><\/li><li class='ez-toc-page-1 ez-toc-heading-level-2'><a class=\"ez-toc-link ez-toc-heading-2\" href=\"https:\/\/p4s.co\/news\/familias-emprendedoras-y-ecosistemas-de-emprendimiento-segun-claudia-benavides\/#Entrevista_con_la_ministra_Claudia_Benavides_sobre_los_ecosistemas_de_emprendimiento_en_Colombia\" title=\"Entrevista con la ministra Claudia Benavides sobre los ecosistemas de emprendimiento en Colombia.\">Entrevista con la ministra Claudia Benavides sobre los ecosistemas de emprendimiento en Colombia.<\/a><\/li><li class='ez-toc-page-1 ez-toc-heading-level-2'><a class=\"ez-toc-link ez-toc-heading-3\" href=\"https:\/\/p4s.co\/news\/familias-emprendedoras-y-ecosistemas-de-emprendimiento-segun-claudia-benavides\/#Las_familias_emprendedoras_y_ecosistemas_de_emprendimiento_en_ciudades_intermedias\" title=\"Las familias emprendedoras y ecosistemas de emprendimiento en ciudades intermedias\">Las familias emprendedoras y ecosistemas de emprendimiento en ciudades intermedias<\/a><\/li><li class='ez-toc-page-1 ez-toc-heading-level-2'><a class=\"ez-toc-link ez-toc-heading-4\" href=\"https:\/\/p4s.co\/news\/familias-emprendedoras-y-ecosistemas-de-emprendimiento-segun-claudia-benavides\/#El_capital_social_familiar_como_motor_de_desarrollo_regional\" title=\"El capital social familiar como motor de desarrollo regional\">El capital social familiar como motor de desarrollo regional<\/a><\/li><li class='ez-toc-page-1 ez-toc-heading-level-2'><a class=\"ez-toc-link ez-toc-heading-5\" href=\"https:\/\/p4s.co\/news\/familias-emprendedoras-y-ecosistemas-de-emprendimiento-segun-claudia-benavides\/#El_rol_de_las_familias_emprendedoras_y_ecosistemas_de_emprendimiento_en_la_innovacion_abierta_y_corporativa\" title=\"El rol de las familias emprendedoras y ecosistemas de emprendimiento en la innovaci\u00f3n abierta y corporativa\">El rol de las familias emprendedoras y ecosistemas de emprendimiento en la innovaci\u00f3n abierta y corporativa<\/a><\/li><li class='ez-toc-page-1 ez-toc-heading-level-2'><a class=\"ez-toc-link ez-toc-heading-6\" href=\"https:\/\/p4s.co\/news\/familias-emprendedoras-y-ecosistemas-de-emprendimiento-segun-claudia-benavides\/#Recomendaciones_de_Claudia_Benavides_para_vincular_familias_emprendedoras_y_ecosistemas_de_emprendimiento\" title=\"Recomendaciones de Claudia Benavides para vincular familias emprendedoras y ecosistemas de emprendimiento\">Recomendaciones de Claudia Benavides para vincular familias emprendedoras y ecosistemas de emprendimiento<\/a><\/li><li class='ez-toc-page-1 ez-toc-heading-level-2'><a class=\"ez-toc-link ez-toc-heading-7\" href=\"https:\/\/p4s.co\/news\/familias-emprendedoras-y-ecosistemas-de-emprendimiento-segun-claudia-benavides\/#Claudia_Benavides_Salazar_Ministra_de_Ciencia_Tecnologia_e_Innovacion_de_Colombia\" title=\"Claudia Benavides Salazar. Ministra de Ciencia, Tecnolog\u00eda e Innovaci\u00f3n de Colombia.\">Claudia Benavides Salazar. Ministra de Ciencia, Tecnolog\u00eda e Innovaci\u00f3n de Colombia.<\/a><\/li><li class='ez-toc-page-1 ez-toc-heading-level-2'><a class=\"ez-toc-link ez-toc-heading-8\" href=\"https:\/\/p4s.co\/news\/familias-emprendedoras-y-ecosistemas-de-emprendimiento-segun-claudia-benavides\/#Conoce_un_poco_mas_de_p4sco\" title=\"Conoce un poco m\u00e1s de p4s.co\">Conoce un poco m\u00e1s de p4s.co<\/a><ul class='ez-toc-list-level-3'><li class='ez-toc-heading-level-3'><a class=\"ez-toc-link ez-toc-heading-9\" href=\"https:\/\/p4s.co\/news\/familias-emprendedoras-y-ecosistemas-de-emprendimiento-segun-claudia-benavides\/#Aca_puedes_ver_lo_que_p4sco_hace_por_ti\" title=\"Ac\u00e1 puedes ver lo que p4s.co hace por ti\">Ac\u00e1 puedes ver lo que p4s.co hace por ti<\/a><\/li><\/ul><\/li><\/ul><\/nav><\/div>\n\n<h2 class=\"wp-block-heading\"><span class=\"ez-toc-section\" id=\"Familias_emprendedoras_y_ecosistemas_de_emprendimiento_segun_Claudia_Benavides\"><\/span>Familias emprendedoras y ecosistemas de emprendimiento seg\u00fan Claudia Benavides<span class=\"ez-toc-section-end\"><\/span><\/h2>\n\n\n\n<p>En el din\u00e1mico mundo del emprendimiento tecnol\u00f3gico en Latinoam\u00e9rica, analizar las ra\u00edces profundas de las familias emprendedoras y los ecosistemas de emprendimiento que impulsan el desarrollo es vital para las startups, developers y emprendedores de nuestra comunidad en p4s.co. En esta entrevistra conversamos con la ministra Claudia Benavides, una figura clave con 22 a\u00f1os de experiencia liderando Incubar Manizales y actual Ministra de Ciencia, Tecnolog\u00eda e Innovaci\u00f3n de Colombia. <\/p>\n\n\n\n<h2 class=\"wp-block-heading\"><span class=\"ez-toc-section\" id=\"Entrevista_con_la_ministra_Claudia_Benavides_sobre_los_ecosistemas_de_emprendimiento_en_Colombia\"><\/span>Entrevista con la ministra Claudia Benavides sobre los ecosistemas de emprendimiento en Colombia.<span class=\"ez-toc-section-end\"><\/span><\/h2>\n\n\n\n<p>Nuestra ministra Claudia combina su formaci\u00f3n en Ingenier\u00eda Industrial y una maestr\u00eda en Creatividad e Innovaci\u00f3n con un doctorado en Competitividad e Innovaci\u00f3n de la Universidad de Deusto en el Pa\u00eds Vasco, uno de los entornos m\u00e1s avanzados de Europa. Esta mezcla de pr\u00e1ctica y academia le permiti\u00f3 profundizar en un factor a menudo pasado por alto: las <strong>familias emprendedoras y ecosistemas de emprendimiento<\/strong>.<\/p>\n\n\n\n<div class=\"youtube-responsive-container\">\n<iframe loading=\"lazy\" src=\"https:\/\/www.youtube.com\/embed\/D9UypcdDGZg\" title=\"YouTube video player\" allow=\"accelerometer; autoplay; clipboard-write; encrypted-media; gyroscope; picture-in-picture\" allowfullscreen=\"\" width=\"560\" height=\"315\" frameborder=\"0\"><\/iframe>\n<\/div>\n\n\n\n<p><\/p>\n\n\n\n<h2 class=\"wp-block-heading\"><span class=\"ez-toc-section\" id=\"Las_familias_emprendedoras_y_ecosistemas_de_emprendimiento_en_ciudades_intermedias\"><\/span>Las familias emprendedoras y ecosistemas de emprendimiento en ciudades intermedias<span class=\"ez-toc-section-end\"><\/span><\/h2>\n\n\n\n<figure class=\"wp-block-image size-full\"><img loading=\"lazy\" decoding=\"async\" width=\"800\" height=\"339\" src=\"https:\/\/p4s.co\/news\/wp-content\/uploads\/2026\/09\/manizales-ecosistema-de-emprendimiento.webp\" alt=\"La familia emprendedora moviliza o limita una actividad.\" class=\"wp-image-9246\" srcset=\"https:\/\/p4s.co\/news\/wp-content\/uploads\/2026\/09\/manizales-ecosistema-de-emprendimiento.webp 800w, https:\/\/p4s.co\/news\/wp-content\/uploads\/2026\/09\/manizales-ecosistema-de-emprendimiento-300x127.webp 300w, https:\/\/p4s.co\/news\/wp-content\/uploads\/2026\/09\/manizales-ecosistema-de-emprendimiento-768x325.webp 768w, https:\/\/p4s.co\/news\/wp-content\/uploads\/2026\/09\/manizales-ecosistema-de-emprendimiento-260x110.webp 260w, https:\/\/p4s.co\/news\/wp-content\/uploads\/2026\/09\/manizales-ecosistema-de-emprendimiento-50x21.webp 50w, https:\/\/p4s.co\/news\/wp-content\/uploads\/2026\/09\/manizales-ecosistema-de-emprendimiento-150x64.webp 150w\" sizes=\"auto, (max-width: 800px) 100vw, 800px\" \/><\/figure>\n\n\n\n<p>La motivaci\u00f3n detr\u00e1s de la investigaci\u00f3n de Claudia surgi\u00f3 de una observaci\u00f3n emp\u00edrica sobre el terreno. \u00abYo me hice muchas veces la pregunta de por qu\u00e9 no tenemos emprendedores que la saquen del estadio, o sea por qu\u00e9 los casos de unicornios s\u00f3lo est\u00e1n en las ciudades capitales\u00bb, explica. Al analizar la \u00abmentalidad y cultura\u00bb requeridas, concluy\u00f3 que la base social m\u00e1s potente es la familia.<\/p>\n\n\n\n<blockquote class=\"wp-block-quote has-medium-font-size is-layout-flow wp-block-quote-is-layout-flow\">\n<p>\u00abLa familia emprendedora es aquella que moviliza o limita una actividad emprendedora y hablando ya de temas de ecosistemas&#8230; el primer sistema social es la familia\u00bb.<\/p>\n<\/blockquote>\n\n\n\n<p>Los programas de acompa\u00f1amiento actuales raras veces diferencian entre un emprendedor solitario y uno que proviene de una estructura familiar. Claudia enfatiza la necesidad de visibilizar estas din\u00e1micas. Al examinar el <strong>capital social familiar<\/strong>, se descubren ventajas competitivas \u00fanicas que la familia entrega a la empresa, permitiendo que esta trascienda generaciones y permee el ecosistema circundante. Es aqu\u00ed donde la conexi\u00f3n entre <strong>familias emprendedoras y ecosistemas de emprendimiento<\/strong> cobra una relevancia estrat\u00e9gica sin igual.<\/p>\n\n\n\n<h2 class=\"wp-block-heading\"><span class=\"ez-toc-section\" id=\"El_capital_social_familiar_como_motor_de_desarrollo_regional\"><\/span>El capital social familiar como motor de desarrollo regional<span class=\"ez-toc-section-end\"><\/span><\/h2>\n\n\n\n<figure class=\"wp-block-image size-full\"><img loading=\"lazy\" decoding=\"async\" width=\"800\" height=\"340\" src=\"https:\/\/p4s.co\/news\/wp-content\/uploads\/2026\/09\/capital-social-familiar.webp\" alt=\"En Colombia existe un arraigo familiar supremamente fuerte.\" class=\"wp-image-9247\" srcset=\"https:\/\/p4s.co\/news\/wp-content\/uploads\/2026\/09\/capital-social-familiar.webp 800w, https:\/\/p4s.co\/news\/wp-content\/uploads\/2026\/09\/capital-social-familiar-300x128.webp 300w, https:\/\/p4s.co\/news\/wp-content\/uploads\/2026\/09\/capital-social-familiar-768x326.webp 768w, https:\/\/p4s.co\/news\/wp-content\/uploads\/2026\/09\/capital-social-familiar-260x111.webp 260w, https:\/\/p4s.co\/news\/wp-content\/uploads\/2026\/09\/capital-social-familiar-50x21.webp 50w, https:\/\/p4s.co\/news\/wp-content\/uploads\/2026\/09\/capital-social-familiar-150x64.webp 150w\" sizes=\"auto, (max-width: 800px) 100vw, 800px\" \/><\/figure>\n\n\n\n<p>El capital social familiar se divide en tres dimensiones clave: cognitiva, cultural y estructural. Estos elementos definen la visi\u00f3n y orientaci\u00f3n de la familia, influyendo directamente en sus acciones y decisiones empresariales. Se manifiesta, por ejemplo, en una visi\u00f3n de riesgo audaz o en una mirada de negocio a largo plazo que permite la creaci\u00f3n de <em>holdings<\/em> empresariales en lugar de una sola compa\u00f1\u00eda.<\/p>\n\n\n\n<p>Claudia identific\u00f3 que en la cultura cafetera colombiana existe un arraigo familiar supremamente fuerte. Este arraigo se traduce en valores que se impregnan en las empresas y sus empleados, como la honestidad, el trabajo bien hecho, la colaboraci\u00f3n y la resiliencia. \u00abEsa es una de las razones tambi\u00e9n en que por ejemplo muchos a\u00f1os manizales tenga una un modelo econ\u00f3mico de capitalismo contenido\u00bb, se\u00f1ala Claudia.<\/p>\n\n\n\n<blockquote class=\"wp-block-quote is-layout-flow wp-block-quote-is-layout-flow\">\n<p class=\"has-medium-font-size\">\u00abManizales es un ecosistema muy conectado porque colabora muy f\u00e1cil&#8230; uno levanta el tel\u00e9fono y simplemente ya sabe casi siempre la respuesta es un s\u00ed\u00bb.<\/p>\n<\/blockquote>\n\n\n\n<p>Este alto nivel de confianza rec\u00edproca y colaboraci\u00f3n es fruto de la herencia cultural transmitida por las familias fundadoras. Un ejemplo tangible de este \u00e9xito colaborativo en Manizales es la <em>Startup Factory<\/em>, donde 11 entidades operan conjuntamente un solo programa, compartiendo bases de datos, metodolog\u00edas e indicadores, algo poco com\u00fan en otras latitudes.<\/p>\n\n\n\n<h2 class=\"wp-block-heading\"><span class=\"ez-toc-section\" id=\"El_rol_de_las_familias_emprendedoras_y_ecosistemas_de_emprendimiento_en_la_innovacion_abierta_y_corporativa\"><\/span>El rol de las familias emprendedoras y ecosistemas de emprendimiento en la innovaci\u00f3n abierta y corporativa<span class=\"ez-toc-section-end\"><\/span><\/h2>\n\n\n\n<figure class=\"wp-block-image size-full\"><img loading=\"lazy\" decoding=\"async\" width=\"800\" height=\"360\" src=\"https:\/\/p4s.co\/news\/wp-content\/uploads\/2026\/09\/familia-emprendedora.webp\" alt=\"Las familias emprendedoras operan de forma paralela al ecosistema\" class=\"wp-image-9248\" srcset=\"https:\/\/p4s.co\/news\/wp-content\/uploads\/2026\/09\/familia-emprendedora.webp 800w, https:\/\/p4s.co\/news\/wp-content\/uploads\/2026\/09\/familia-emprendedora-300x135.webp 300w, https:\/\/p4s.co\/news\/wp-content\/uploads\/2026\/09\/familia-emprendedora-768x346.webp 768w, https:\/\/p4s.co\/news\/wp-content\/uploads\/2026\/09\/familia-emprendedora-260x117.webp 260w, https:\/\/p4s.co\/news\/wp-content\/uploads\/2026\/09\/familia-emprendedora-50x23.webp 50w, https:\/\/p4s.co\/news\/wp-content\/uploads\/2026\/09\/familia-emprendedora-150x68.webp 150w\" sizes=\"auto, (max-width: 800px) 100vw, 800px\" \/><figcaption class=\"wp-element-caption\">Las familias emprendedoras operan de forma paralela al ecosistema<\/figcaption><\/figure>\n\n\n\n<p>Claudia propone una perspectiva audaz: las familias emprendedoras din\u00e1micas constituyen ecosistemas aut\u00f3nomos en s\u00ed mismos. Tienen la empresa, generan mercado para sus propias <em>spin-offs<\/em> o inversiones, aportan capital y sus miembros act\u00faan como mentores y asesores emp\u00edricos bas\u00e1ndose en su propia experiencia.<\/p>\n\n\n\n<p>Sin embargo, a menudo estas familias operan de forma paralela al ecosistema formal, sin apoyarse en sus programas por autosuficiencia. Claudia sugiere que es necesario \u00absacudir el \u00e1rbol\u00bb para lograr una interacci\u00f3n bidireccional m\u00e1s fluida. Esto es esencial para el ecosistema corporativo y sus retos de innovaci\u00f3n abierta.<\/p>\n\n\n\n<blockquote class=\"wp-block-quote is-layout-flow wp-block-quote-is-layout-flow\">\n<p class=\"has-medium-font-size\">\u00abSi tan solo hici\u00e9ramos un poquito m\u00e1s de conexi\u00f3n hacia esos peque\u00f1os ecosistemas familiares, tendr\u00edamos much\u00edsimos m\u00e1s retos para toda la comunidad\u00bb.<\/p>\n<\/blockquote>\n\n\n\n<p>Actualmente, <strong>existen barreras de conexi\u00f3n entre las familias empresarias y los ecosistemas din\u00e1micos de startups<\/strong>. Claudia identific\u00f3 temores espec\u00edficos, como el miedo a perder velocidad en la innovaci\u00f3n debido a las burocracias de terceros y el temor a la dependencia de operadores externos que puedan poner en riesgo su capacidad propia. Estas son situaciones abordables si se logran mecanismos de articulaci\u00f3n m\u00e1s estandarizados que fomenten la confianza mutua.<\/p>\n\n\n\n<h2 class=\"wp-block-heading\"><span class=\"ez-toc-section\" id=\"Recomendaciones_de_Claudia_Benavides_para_vincular_familias_emprendedoras_y_ecosistemas_de_emprendimiento\"><\/span>Recomendaciones de Claudia Benavides para vincular familias emprendedoras y ecosistemas de emprendimiento<span class=\"ez-toc-section-end\"><\/span><\/h2>\n\n\n\n<figure class=\"wp-block-image size-large\"><img loading=\"lazy\" decoding=\"async\" width=\"1024\" height=\"495\" src=\"https:\/\/p4s.co\/news\/wp-content\/uploads\/2026\/09\/familia-empresarial-1024x495.webp\" alt=\"El &quot;emprendimiento transgeneracional&quot; es una metodolog\u00eda potente\" class=\"wp-image-9249\" srcset=\"https:\/\/p4s.co\/news\/wp-content\/uploads\/2026\/09\/familia-empresarial-1024x495.webp 1024w, https:\/\/p4s.co\/news\/wp-content\/uploads\/2026\/09\/familia-empresarial-300x145.webp 300w, https:\/\/p4s.co\/news\/wp-content\/uploads\/2026\/09\/familia-empresarial-768x371.webp 768w, https:\/\/p4s.co\/news\/wp-content\/uploads\/2026\/09\/familia-empresarial-260x126.webp 260w, https:\/\/p4s.co\/news\/wp-content\/uploads\/2026\/09\/familia-empresarial-50x24.webp 50w, https:\/\/p4s.co\/news\/wp-content\/uploads\/2026\/09\/familia-empresarial-150x73.webp 150w, https:\/\/p4s.co\/news\/wp-content\/uploads\/2026\/09\/familia-empresarial.webp 1452w\" sizes=\"auto, (max-width: 1024px) 100vw, 1024px\" \/><\/figure>\n\n\n\n<p>Para cerrar la brecha, Claudia ofrece recomendaciones pr\u00e1cticas tanto para los ecosistemas como para los emprendedores. La primera se centra en el poder de la narrativa. \u00abRecuperar esa historia, contarla y muy seguramente dentro de esa historia hay muchas familias emprendedoras y muchas empresas de familia que pueden contar pues lo que han hecho\u00bb. Estas historias no solo documentan la trayectoria empresarial de una regi\u00f3n, sino que se vuelven aspiracionales e inspiradoras para las nuevas generaciones de fundadores.<\/p>\n\n\n\n<p>El <strong>\u00abemprendimiento transgeneracional\u00bb<\/strong> es una metodolog\u00eda potente donde se estudia c\u00f3mo los hijos aprenden de la din\u00e1mica empresarial simplemente por estar presentes en las conversaciones cotidianas. Es vital visibilizar casos de \u00e9xito que no sean solo digitales, sino tambi\u00e9n de productos f\u00edsicos tradicionales innovadores que exportan globalmente desde ciudades regionales, demostrando una mentalidad global profunda heredada de la tradici\u00f3n familiar.<\/p>\n\n\n\n<p>Finalmente, Claudia insta a estandarizar los instrumentos de colaboraci\u00f3n y a motivar <strong>especialmente a las segundas y terceras generaciones de empresarios familiares<\/strong>. Estos l\u00edderes m\u00e1s j\u00f3venes suelen ser m\u00e1s inquietos respecto a la inversi\u00f3n en capital de riesgo y la innovaci\u00f3n din\u00e1mica, representando un puente natural hacia las startups tecnol\u00f3gicas de nuestra comunidad en p4s.co. Al integrar a las familias dentro de la ecuaci\u00f3n, los ecosistemas locales avanzan con mayor solidez y sostenibilidad.<\/p>\n\n\n\n<h2 class=\"wp-block-heading\"><span class=\"ez-toc-section\" id=\"Claudia_Benavides_Salazar_Ministra_de_Ciencia_Tecnologia_e_Innovacion_de_Colombia\"><\/span>Claudia Benavides Salazar. Ministra de Ciencia, Tecnolog\u00eda e Innovaci\u00f3n de Colombia.<span class=\"ez-toc-section-end\"><\/span><\/h2>\n\n\n\n<div class=\"wp-block-columns has-2-columns is-layout-flex wp-container-core-columns-is-layout-1 wp-block-columns-is-layout-flex\">\n<div class=\"wp-block-column is-layout-flow wp-block-column-is-layout-flow\"><div class=\"wp-block-image\">\n<figure class=\"aligncenter size-full is-resized\"><img loading=\"lazy\" decoding=\"async\" width=\"500\" height=\"500\" src=\"https:\/\/p4s.co\/news\/wp-content\/uploads\/2026\/09\/Claudia-Benavides-Ministra-de-Ciencia-Tecnologia-e-Innovacion-de-Colombia.png\" alt=\"Claudia Benavides Salazar analiza las familias emprendedoras y ecosistemas de emprendimiento\" class=\"wp-image-9243\" style=\"width:312px;height:auto\" srcset=\"https:\/\/p4s.co\/news\/wp-content\/uploads\/2026\/09\/Claudia-Benavides-Ministra-de-Ciencia-Tecnologia-e-Innovacion-de-Colombia.png 500w, https:\/\/p4s.co\/news\/wp-content\/uploads\/2026\/09\/Claudia-Benavides-Ministra-de-Ciencia-Tecnologia-e-Innovacion-de-Colombia-300x300.png 300w, https:\/\/p4s.co\/news\/wp-content\/uploads\/2026\/09\/Claudia-Benavides-Ministra-de-Ciencia-Tecnologia-e-Innovacion-de-Colombia-150x150.png 150w, https:\/\/p4s.co\/news\/wp-content\/uploads\/2026\/09\/Claudia-Benavides-Ministra-de-Ciencia-Tecnologia-e-Innovacion-de-Colombia-146x146.png 146w, https:\/\/p4s.co\/news\/wp-content\/uploads\/2026\/09\/Claudia-Benavides-Ministra-de-Ciencia-Tecnologia-e-Innovacion-de-Colombia-50x50.png 50w, https:\/\/p4s.co\/news\/wp-content\/uploads\/2026\/09\/Claudia-Benavides-Ministra-de-Ciencia-Tecnologia-e-Innovacion-de-Colombia-75x75.png 75w, https:\/\/p4s.co\/news\/wp-content\/uploads\/2026\/09\/Claudia-Benavides-Ministra-de-Ciencia-Tecnologia-e-Innovacion-de-Colombia-85x85.png 85w, https:\/\/p4s.co\/news\/wp-content\/uploads\/2026\/09\/Claudia-Benavides-Ministra-de-Ciencia-Tecnologia-e-Innovacion-de-Colombia-80x80.png 80w\" sizes=\"auto, (max-width: 500px) 100vw, 500px\" \/><figcaption class=\"wp-element-caption\">Claudia Benavides Salazar<br>Ministra de Ciencia, Tecnolog\u00eda e Innovaci\u00f3n de Colombia.<\/figcaption><\/figure><\/div>\n\n\n<p><\/p>\n<\/div>\n\n\n\n<div class=\"wp-block-column is-layout-flow wp-block-column-is-layout-flow\">\n<p>Claudia Benavides Salazar <a href=\"https:\/\/www.linkedin.com\/in\/clbenavides\/\" data-type=\"link\" data-id=\"https:\/\/www.linkedin.com\/in\/clbenavides\/\">visitar<\/a>. Exdirectora por m\u00e1s de 22 a\u00f1os de <a href=\"https:\/\/incubar.org\/\" data-type=\"link\" data-id=\"https:\/\/incubar.org\/\">Incubar Manizales<\/a> y exdirectora de la Fundaci\u00f3n Universidad Empresa Estado del Eje Cafetero (modelo de triple y cu\u00e1druple h\u00e9lice). Actual Ministra de Ciencia, Tecnolog\u00eda e Innovaci\u00f3n de Colombia.<\/p>\n\n\n\n<p>Doctora en Competitividad e Innovaci\u00f3n por la Universidad de Deusto (Pa\u00eds Vasco, Espa\u00f1a), Mag\u00edster en Creatividad e Innovaci\u00f3n en las Organizaciones de la Universidad Aut\u00f3noma de Manizales, e Ingeniera Industrial de la Universidad Nacional de Colombia sede Manizales. Docente investigadora con m\u00e1s de 23 a\u00f1os de trayectoria.<\/p>\n\n\n\n<p>Creadora y articuladora de modelos como la <em>Startup Factory<\/em>, donde operan de manera conjunta 11 entidades en un solo programa regional, y autora de investigaciones pioneras sobre capital social familiar aplicado al crecimiento de ciudades intermedias.<\/p>\n<\/div>\n<\/div>\n\n\n\n<h2 class=\"wp-block-heading\"><span class=\"ez-toc-section\" id=\"Conoce_un_poco_mas_de_p4sco\"><\/span>Conoce un poco m\u00e1s de p4s.co<span class=\"ez-toc-section-end\"><\/span><\/h2>\n\n\n\n<p>Conoce startups y eventos en nuestra red de emprendimiento. En la medida que vamos creciendo con nuestros negocios, se hace necesario establecer una base s\u00f3lida de networking en donde podamos buscar apoyo y conocimiento en la <a href=\"https:\/\/p4s.co\/news\/red-de-emprendimiento\/\">red de emprendimiento<\/a>.<\/p>\n\n\n\n<p>Alguna vez te has preguntado:<\/p>\n\n\n\n<blockquote class=\"wp-block-quote is-layout-flow wp-block-quote-is-layout-flow\">\n<p><em>\u00bfPor qu\u00e9 pertenecer a una red de emprendimiento?<br>\u00bfQu\u00e9 elementos encontramos en la red de emprendimiento?<br>\u00bfC\u00f3mo hacer parte de la red de emprendimiento?<\/em><\/p>\n<\/blockquote>\n\n\n\n<p>Si quieres conocer las respuestas a estos interrogantes te invitamos a leer acerca de nuestra <a href=\"https:\/\/p4s.co\/news\/red-de-emprendimiento\/\">red de emprendimiento<\/a>.<\/p>\n\n\n\n<h3 class=\"wp-block-heading\"><span class=\"ez-toc-section\" id=\"Aca_puedes_ver_lo_que_p4sco_hace_por_ti\"><\/span>Ac\u00e1 puedes ver lo que p4s.co hace por ti<span class=\"ez-toc-section-end\"><\/span><\/h3>\n\n\n\n<p>Si quieres ser parte de nuestra red de emprendimiento para usar <a href=\"https:\/\/p4s.co\/news\/category\/ayuda\/\">nuestras herramientas<\/a> y hacer networking, te invitamos a <a rel=\"noreferrer noopener\" href=\"https:\/\/p4s.co\/registro\" target=\"_blank\"><strong>reg\u00edstrarte<\/strong><\/a> ya mismo. Al ingresar podr\u00e1s empezar a crear tus <a rel=\"noreferrer noopener\" href=\"https:\/\/p4s.co\/news\/como-administrar-proyectos-en-p4s\/\" target=\"_blank\"><strong>proyectos<\/strong><\/a> con el apoyo de nuestros <a rel=\"noreferrer noopener\" href=\"https:\/\/p4s.co\/mentores\" target=\"_blank\"><strong>mentores<\/strong><\/a> a trav\u00e9s de nuestro <a rel=\"noreferrer noopener\" href=\"https:\/\/p4s.co\/news\/mentorias-para-startup\/\" target=\"_blank\"><strong>nuevo servicio de mentor\u00edas<\/strong><\/a>. Tambi\u00e9n podr\u00e1s obtener recursos mediante <strong>hackathons<\/strong> y <strong>ruedas de negocio<\/strong>, as\u00ed mismo recibir\u00e1s contenidos todas las semanas para mantenerte informado.<\/p>\n\n\n\n<p class=\"has-text-align-center has-very-dark-gray-color has-pale-cyan-blue-background-color has-text-color has-background\"><strong><a href=\"https:\/\/p4s.co\/registro\" target=\"_blank\" rel=\"noreferrer noopener\" aria-label=\"Reg\u00edstrate (abre en una nueva pesta\u00f1a)\">Reg\u00edstrate<\/a><\/strong><\/p>\n\n\n<p><!--EndFragment--><\/p>\n<p><!--EndFragment--><\/p>","protected":false},"excerpt":{"rendered":"<p>Las familias emprendedoras y ecosistemas de emprendimiento din\u00e1micos se nutren mutuamente en la visi\u00f3n estrat\u00e9gica de Claudia Benavides. La Ministra de Ciencia, Tecnolog\u00eda e Innovaci\u00f3n expone en Escena Startup c\u00f3mo el capital social familiar y el emprendimiento transgeneracional impulsan la colaboraci\u00f3n regional en Latinoam\u00e9rica. Descubre las recomendaciones claves para vincular la innovaci\u00f3n abierta corporativa con la comunidad emprendedora tecnol\u00f3gica.<\/p>\n","protected":false},"author":7,"featured_media":9242,"comment_status":"open","ping_status":"open","sticky":false,"template":"","format":"standard","meta":{"footnotes":""},"categories":[1,31,649,656],"tags":[659,662,47],"class_list":["post-9240","post","type-post","status-publish","format-standard","has-post-thumbnail","hentry","category-articulos","category-edutech","category-innovacion","category-vision-startup","tag-ecosistema-de-emprendimiento","tag-familia","tag-startup"],"_links":{"self":[{"href":"https:\/\/p4s.co\/news\/wp-json\/wp\/v2\/posts\/9240","targetHints":{"allow":["GET"]}}],"collection":[{"href":"https:\/\/p4s.co\/news\/wp-json\/wp\/v2\/posts"}],"about":[{"href":"https:\/\/p4s.co\/news\/wp-json\/wp\/v2\/types\/post"}],"author":[{"embeddable":true,"href":"https:\/\/p4s.co\/news\/wp-json\/wp\/v2\/users\/7"}],"replies":[{"embeddable":true,"href":"https:\/\/p4s.co\/news\/wp-json\/wp\/v2\/comments?post=9240"}],"version-history":[{"count":5,"href":"https:\/\/p4s.co\/news\/wp-json\/wp\/v2\/posts\/9240\/revisions"}],"predecessor-version":[{"id":9252,"href":"https:\/\/p4s.co\/news\/wp-json\/wp\/v2\/posts\/9240\/revisions\/9252"}],"wp:featuredmedia":[{"embeddable":true,"href":"https:\/\/p4s.co\/news\/wp-json\/wp\/v2\/media\/9242"}],"wp:attachment":[{"href":"https:\/\/p4s.co\/news\/wp-json\/wp\/v2\/media?parent=9240"}],"wp:term":[{"taxonomy":"category","embeddable":true,"href":"https:\/\/p4s.co\/news\/wp-json\/wp\/v2\/categories?post=9240"},{"taxonomy":"post_tag","embeddable":true,"href":"https:\/\/p4s.co\/news\/wp-json\/wp\/v2\/tags?post=9240"}],"curies":[{"name":"wp","href":"https:\/\/api.w.org\/{rel}","templated":true}]}}