{"id":756,"date":"2019-08-30T00:30:08","date_gmt":"2019-08-30T05:30:08","guid":{"rendered":"https:\/\/p4s.co\/news\/?p=756"},"modified":"2020-01-23T00:26:22","modified_gmt":"2020-01-23T05:26:22","slug":"apps-co-descubrimiento-de-negocios","status":"publish","type":"post","link":"https:\/\/p4s.co\/news\/apps-co-descubrimiento-de-negocios\/","title":{"rendered":"Apps.co Descubrimiento de Negocios"},"content":{"rendered":"\n<p>El Ministerio Tic busca potenciar la creaci\u00f3n de negocios digitales a trav\u00e9s de servicios de acompa\u00f1amiento y entrenamiento metodol\u00f3gico para que equipos de emprendedores desarrollen un proceso de validaci\u00f3n en el mercado que viabilice la creaci\u00f3n y el desarrollo de su iniciativa y su producto digital a trav\u00e9s de un modelo de negocio sostenible.<\/p>\n\n\n\n<p>La convocatoria est\u00e1 dirigada a equipos de emprendedores conformados por personas naturales, que tengan una idea de negocio en la cual las Tecnolog\u00edas de la Informaci\u00f3n y las Comunicaciones, (preferiblemente Aplicaciones Web o m\u00f3viles, desarrollo de software o contenidos digitales) sean un componente esencial de la misma.<\/p>\n\n\n\n<p>En esta ocasi\u00f3n se est\u00e1 ofreciendo este beneficio en&nbsp;<a rel=\"noreferrer noopener\" href=\"https:\/\/apps.co\/inscripciones\/convocatoria\/convocatoria-a-emprendedores-descubirmiento-de-negocios-digitales-iteracion-i-en-modalidad-virtual\/\" target=\"_blank\">modalidad virtual<\/a>&nbsp;y en&nbsp;<a rel=\"noreferrer noopener\" href=\"https:\/\/apps.co\/inscripciones\/convocatoria\/convocatoria-a-emprendedores-descubrimiento-de-negocios-presencial\/\" target=\"_blank\">modalidad presencial<\/a>.<\/p>\n\n\n\n<figure class=\"wp-block-embed-youtube wp-block-embed is-type-video is-provider-youtube wp-embed-aspect-16-9 wp-has-aspect-ratio\"><div class=\"wp-block-embed__wrapper\">\n<iframe loading=\"lazy\" title=\"Convocatoria: Descubrimiento de Negocios Digitales.\" width=\"1220\" height=\"686\" src=\"https:\/\/www.youtube.com\/embed\/oJTMQaYtCfw?feature=oembed\" frameborder=\"0\" allow=\"accelerometer; autoplay; encrypted-media; gyroscope; picture-in-picture\" allowfullscreen><\/iframe>\n<\/div><\/figure>\n","protected":false},"excerpt":{"rendered":"<p>El Ministerio Tic busca potenciar la creaci\u00f3n de negocios digitales a trav\u00e9s de servicios de acompa\u00f1amiento y entrenamiento metodol\u00f3gico para que equipos de emprendedores desarrollen un proceso de validaci\u00f3n en el mercado.<\/p>\n","protected":false},"author":3,"featured_media":897,"comment_status":"open","ping_status":"open","sticky":false,"template":"","format":"standard","meta":{"footnotes":""},"categories":[1],"tags":[97,10,103,11,12],"class_list":["post-756","post","type-post","status-publish","format-standard","has-post-thumbnail","hentry","category-articulos","tag-apps-co","tag-innovacion-corporativa","tag-negocios","tag-p4s","tag-p4slive"],"_links":{"self":[{"href":"https:\/\/p4s.co\/news\/wp-json\/wp\/v2\/posts\/756","targetHints":{"allow":["GET"]}}],"collection":[{"href":"https:\/\/p4s.co\/news\/wp-json\/wp\/v2\/posts"}],"about":[{"href":"https:\/\/p4s.co\/news\/wp-json\/wp\/v2\/types\/post"}],"author":[{"embeddable":true,"href":"https:\/\/p4s.co\/news\/wp-json\/wp\/v2\/users\/3"}],"replies":[{"embeddable":true,"href":"https:\/\/p4s.co\/news\/wp-json\/wp\/v2\/comments?post=756"}],"version-history":[{"count":2,"href":"https:\/\/p4s.co\/news\/wp-json\/wp\/v2\/posts\/756\/revisions"}],"predecessor-version":[{"id":898,"href":"https:\/\/p4s.co\/news\/wp-json\/wp\/v2\/posts\/756\/revisions\/898"}],"wp:featuredmedia":[{"embeddable":true,"href":"https:\/\/p4s.co\/news\/wp-json\/wp\/v2\/media\/897"}],"wp:attachment":[{"href":"https:\/\/p4s.co\/news\/wp-json\/wp\/v2\/media?parent=756"}],"wp:term":[{"taxonomy":"category","embeddable":true,"href":"https:\/\/p4s.co\/news\/wp-json\/wp\/v2\/categories?post=756"},{"taxonomy":"post_tag","embeddable":true,"href":"https:\/\/p4s.co\/news\/wp-json\/wp\/v2\/tags?post=756"}],"curies":[{"name":"wp","href":"https:\/\/api.w.org\/{rel}","templated":true}]}}