{"id":6814,"date":"2023-03-09T12:31:02","date_gmt":"2023-03-09T17:31:02","guid":{"rendered":"https:\/\/p4s.co\/news\/?p=6814"},"modified":"2025-04-22T22:41:17","modified_gmt":"2025-04-23T03:41:17","slug":"dia-de-la-mujer-emprendedora-con-viviana-lopez-y-carolina-uribe","status":"publish","type":"post","link":"https:\/\/p4s.co\/news\/dia-de-la-mujer-emprendedora-con-viviana-lopez-y-carolina-uribe\/","title":{"rendered":"D\u00eda de la mujer emprendedora con Viviana L\u00f3pez y Carolina Uribe"},"content":{"rendered":"<div id=\"ez-toc-container\" class=\"ez-toc-v2_0_56_1 counter-hierarchy ez-toc-counter ez-toc-light-blue ez-toc-container-direction\">\n<div class=\"ez-toc-title-container\">\n<p class=\"ez-toc-title \" >&Iacute;ndice de contenidos<\/p>\n<span class=\"ez-toc-title-toggle\"><a href=\"#\" class=\"ez-toc-pull-right ez-toc-btn ez-toc-btn-xs ez-toc-btn-default ez-toc-toggle\" aria-label=\"Toggle Table of Content\" role=\"button\"><label for=\"item-69efa0bdeb98b\" ><span class=\"\"><span style=\"display:none;\">Toggle<\/span><span class=\"ez-toc-icon-toggle-span\"><svg style=\"fill: #999;color:#999\" xmlns=\"http:\/\/www.w3.org\/2000\/svg\" class=\"list-377408\" width=\"20px\" height=\"20px\" viewBox=\"0 0 24 24\" fill=\"none\"><path d=\"M6 6H4v2h2V6zm14 0H8v2h12V6zM4 11h2v2H4v-2zm16 0H8v2h12v-2zM4 16h2v2H4v-2zm16 0H8v2h12v-2z\" fill=\"currentColor\"><\/path><\/svg><svg style=\"fill: #999;color:#999\" class=\"arrow-unsorted-368013\" xmlns=\"http:\/\/www.w3.org\/2000\/svg\" width=\"10px\" height=\"10px\" viewBox=\"0 0 24 24\" version=\"1.2\" baseProfile=\"tiny\"><path d=\"M18.2 9.3l-6.2-6.3-6.2 6.3c-.2.2-.3.4-.3.7s.1.5.3.7c.2.2.4.3.7.3h11c.3 0 .5-.1.7-.3.2-.2.3-.5.3-.7s-.1-.5-.3-.7zM5.8 14.7l6.2 6.3 6.2-6.3c.2-.2.3-.5.3-.7s-.1-.5-.3-.7c-.2-.2-.4-.3-.7-.3h-11c-.3 0-.5.1-.7.3-.2.2-.3.5-.3.7s.1.5.3.7z\"\/><\/svg><\/span><\/span><\/label><input aria-label=\"Toggle\" aria-label=\"item-69efa0bdeb98b\"  type=\"checkbox\" id=\"item-69efa0bdeb98b\"><\/a><\/span><\/div>\n<nav><ul class='ez-toc-list ez-toc-list-level-1 eztoc-toggle-hide-by-default' ><li class='ez-toc-page-1 ez-toc-heading-level-2'><a class=\"ez-toc-link ez-toc-heading-1\" href=\"https:\/\/p4s.co\/news\/dia-de-la-mujer-emprendedora-con-viviana-lopez-y-carolina-uribe\/#Dia_de_la_mujer_emprendedora\" title=\"D\u00eda de la mujer emprendedora\">D\u00eda de la mujer emprendedora<\/a><\/li><li class='ez-toc-page-1 ez-toc-heading-level-2'><a class=\"ez-toc-link ez-toc-heading-2\" href=\"https:\/\/p4s.co\/news\/dia-de-la-mujer-emprendedora-con-viviana-lopez-y-carolina-uribe\/#Impacto_de_la_mujer_emprendedora\" title=\"Impacto de la mujer emprendedora\">Impacto de la mujer emprendedora<\/a><\/li><li class='ez-toc-page-1 ez-toc-heading-level-2'><a class=\"ez-toc-link ez-toc-heading-3\" href=\"https:\/\/p4s.co\/news\/dia-de-la-mujer-emprendedora-con-viviana-lopez-y-carolina-uribe\/#Acompananos_en_esta_presentacion\" title=\"Acomp\u00e1\u00f1anos en esta presentaci\u00f3n\">Acomp\u00e1\u00f1anos en esta presentaci\u00f3n<\/a><\/li><li class='ez-toc-page-1 ez-toc-heading-level-2'><a class=\"ez-toc-link ez-toc-heading-4\" href=\"https:\/\/p4s.co\/news\/dia-de-la-mujer-emprendedora-con-viviana-lopez-y-carolina-uribe\/#Acerca_de_Viviana_del_Pilar_Lopez\" title=\"Acerca de Viviana del Pilar L\u00f3pez\">Acerca de Viviana del Pilar L\u00f3pez<\/a><\/li><li class='ez-toc-page-1 ez-toc-heading-level-2'><a class=\"ez-toc-link ez-toc-heading-5\" href=\"https:\/\/p4s.co\/news\/dia-de-la-mujer-emprendedora-con-viviana-lopez-y-carolina-uribe\/#Acerca_de_Carolina_Uribe_Velasco\" title=\"Acerca de Carolina Uribe Velasco\">Acerca de Carolina Uribe Velasco<\/a><\/li><li class='ez-toc-page-1 ez-toc-heading-level-2'><a class=\"ez-toc-link ez-toc-heading-6\" href=\"https:\/\/p4s.co\/news\/dia-de-la-mujer-emprendedora-con-viviana-lopez-y-carolina-uribe\/#Conoce_un_poco_mas_de_p4sco\" title=\"Conoce un poco m\u00e1s de p4s.co\">Conoce un poco m\u00e1s de p4s.co<\/a><ul class='ez-toc-list-level-3'><li class='ez-toc-heading-level-3'><a class=\"ez-toc-link ez-toc-heading-7\" href=\"https:\/\/p4s.co\/news\/dia-de-la-mujer-emprendedora-con-viviana-lopez-y-carolina-uribe\/#%C2%BFQuieres_organizar_una_Hackathon\" title=\"\u00bfQuieres organizar una Hackathon?\">\u00bfQuieres organizar una Hackathon?<\/a><\/li><li class='ez-toc-page-1 ez-toc-heading-level-3'><a class=\"ez-toc-link ez-toc-heading-8\" href=\"https:\/\/p4s.co\/news\/dia-de-la-mujer-emprendedora-con-viviana-lopez-y-carolina-uribe\/#Aca_puedes_ver_lo_que_p4sco_hace_por_ti\" title=\"Ac\u00e1 puedes ver lo que p4s.co hace por ti\">Ac\u00e1 puedes ver lo que p4s.co hace por ti<\/a><\/li><\/ul><\/li><\/ul><\/nav><\/div>\n\n<h2 class=\"wp-block-heading\"><span class=\"ez-toc-section\" id=\"Dia_de_la_mujer_emprendedora\"><\/span>D\u00eda de la mujer emprendedora<span class=\"ez-toc-section-end\"><\/span><\/h2>\n\n\n\n<p>Las mujeres emprendedoras son una parte esencial de la econom\u00eda y de la sociedad en general. Las mujeres han estado hist\u00f3ricamente subrepresentadas en el mundo empresarial y emprendedor, pero en las \u00faltimas d\u00e9cadas, han logrado avances significativos en este \u00e1mbito. Por esta raz\u00f3n invitamos a <a href=\"https:\/\/p4s.co\/news\/author\/vivilo\/\">Viviana del Pilar L\u00f3pez<\/a> y a <a href=\"https:\/\/www.linkedin.com\/in\/carolinauribevelasco\/\">Carolina Uribe Velazco<\/a> a celebrar el d\u00eda de la mujer emprendedora.<\/p>\n\n\n\n<p>La cita es este viernes 10 de marzo a las 5:00pm en vivo a trav\u00e9s de nuestro canal de <a href=\"https:\/\/www.youtube.com\/watch?v=ZQe37BsHf6U\">YouTube<\/a>.<\/p>\n\n\n\n<figure class=\"wp-block-image\"><a href=\"https:\/\/www.youtube.com\/watch?v=ZQe37BsHf6U\"><img loading=\"lazy\" decoding=\"async\" width=\"960\" height=\"720\" src=\"https:\/\/p4s.co\/news\/wp-content\/\/uploads\/2023\/03\/dia-de-la-mujer-emprendedora-viviana-del-pilar-lopez-carolina-uribe-home-plataforma-hackathon-innovacion-inversion-partners-for-startups-red-de-emprendimiento.jpg\" alt=\"d\u00eda de la mujer emprendedora\" class=\"wp-image-6815\" srcset=\"https:\/\/p4s.co\/news\/wp-content\/uploads\/2023\/03\/dia-de-la-mujer-emprendedora-viviana-del-pilar-lopez-carolina-uribe-home-plataforma-hackathon-innovacion-inversion-partners-for-startups-red-de-emprendimiento.jpg 960w, https:\/\/p4s.co\/news\/wp-content\/uploads\/2023\/03\/dia-de-la-mujer-emprendedora-viviana-del-pilar-lopez-carolina-uribe-home-plataforma-hackathon-innovacion-inversion-partners-for-startups-red-de-emprendimiento-300x225.jpg 300w, https:\/\/p4s.co\/news\/wp-content\/uploads\/2023\/03\/dia-de-la-mujer-emprendedora-viviana-del-pilar-lopez-carolina-uribe-home-plataforma-hackathon-innovacion-inversion-partners-for-startups-red-de-emprendimiento-768x576.jpg 768w, https:\/\/p4s.co\/news\/wp-content\/uploads\/2023\/03\/dia-de-la-mujer-emprendedora-viviana-del-pilar-lopez-carolina-uribe-home-plataforma-hackathon-innovacion-inversion-partners-for-startups-red-de-emprendimiento-195x146.jpg 195w, https:\/\/p4s.co\/news\/wp-content\/uploads\/2023\/03\/dia-de-la-mujer-emprendedora-viviana-del-pilar-lopez-carolina-uribe-home-plataforma-hackathon-innovacion-inversion-partners-for-startups-red-de-emprendimiento-50x38.jpg 50w, https:\/\/p4s.co\/news\/wp-content\/uploads\/2023\/03\/dia-de-la-mujer-emprendedora-viviana-del-pilar-lopez-carolina-uribe-home-plataforma-hackathon-innovacion-inversion-partners-for-startups-red-de-emprendimiento-100x75.jpg 100w\" sizes=\"auto, (max-width: 960px) 100vw, 960px\" \/><\/a><figcaption>D\u00eda de la mujer emprendedora con Viviana L\u00f3pez y Carolina Uribe<\/figcaption><\/figure>\n\n\n\n<h2 class=\"wp-block-heading\"><span class=\"ez-toc-section\" id=\"Impacto_de_la_mujer_emprendedora\"><\/span>Impacto de la mujer emprendedora<span class=\"ez-toc-section-end\"><\/span><\/h2>\n\n\n\n<p>Las mujeres emprendedoras tienen un gran impacto en la creaci\u00f3n de empleo y en el crecimiento econ\u00f3mico. Tambi\u00e9n son una fuente importante de innovaci\u00f3n y cambio empresarial. Adem\u00e1s, el emprendimiento puede ser una forma de empoderamiento personal para las mujeres, brind\u00e1ndoles una mayor autonom\u00eda y control sobre sus vidas y su futuro profesional. <\/p>\n\n\n\n<h2 class=\"wp-block-heading\"><span class=\"ez-toc-section\" id=\"Acompananos_en_esta_presentacion\"><\/span>Acomp\u00e1\u00f1anos en esta presentaci\u00f3n<span class=\"ez-toc-section-end\"><\/span><\/h2>\n\n\n\n<p>La cita es este viernes 10 de marzo a las 5:00pm en vivo a trav\u00e9s de nuestro canal de <a href=\"https:\/\/www.youtube.com\/watch?v=ZQe37BsHf6U\">YouTube<\/a>.<\/p>\n\n\n\n<p><div class=\"youtube-responsive-container\">\n<iframe loading=\"lazy\" src=\"https:\/\/www.youtube.com\/embed\/ZQe37BsHf6U\" title=\"YouTube video player\" allow=\"accelerometer; autoplay; clipboard-write; encrypted-media; gyroscope; picture-in-picture\" allowfullscreen=\"\" width=\"560\" height=\"315\" frameborder=\"0\"><\/iframe>\n<\/div><\/p>\n\n\n\n<h2 class=\"wp-block-heading\"><span class=\"ez-toc-section\" id=\"Acerca_de_Viviana_del_Pilar_Lopez\"><\/span>Acerca de Viviana del Pilar L\u00f3pez<span class=\"ez-toc-section-end\"><\/span><\/h2>\n\n\n\n<div class=\"wp-block-columns has-2-columns is-layout-flex wp-container-core-columns-is-layout-1 wp-block-columns-is-layout-flex\">\n<div class=\"wp-block-column is-layout-flow wp-block-column-is-layout-flow\">\n<figure class=\"wp-block-image\"><img decoding=\"async\" src=\"https:\/\/p4s.co\/news\/wp-content\/\/uploads\/2023\/03\/dia-de-la-mujer-emprendedora-perfil-viviana-del-pilar-lopez-plataforma-hackathon-innovacion-inversion-partners-for-startups-red-de-emprendimiento.webp\" alt=\"dia de la mujer emprendedora perfil viviana del pilar lopez\" class=\"wp-image-6820\"\/><figcaption><a href=\"https:\/\/p4s.co\/news\/author\/vivilo\/\">Viviana del Pilar L\u00f3pez<\/a><\/figcaption><\/figure>\n<\/div>\n\n\n\n<div class=\"wp-block-column is-layout-flow wp-block-column-is-layout-flow\">\n<p><a href=\"https:\/\/p4s.co\/news\/author\/vivilo\/\">Viviana del Pilar L\u00f3pez<\/a> es gestora comunidad WordPress Bogot\u00e1 | Consultora Experta en WordPress. Consultora experta en WordPress y emprendedora. Ha participado en proyectos de distintos niveles y retos donde junto con mi equipo de trabajo solucionamos temas de pauta, posicionamiento, dise\u00f1o y desarrollo web. Mentora en la Hackaton Prototipaton Iteraci\u00f3n XI de Appsco 2017. Le encanta sembrar semillas TIC, compartir mis conocimientos y ayudar en la medida que pueda a los emprendedores a potencializar sus negocios.<\/p>\n<\/div>\n<\/div>\n\n\n\n<h2 class=\"wp-block-heading\"><span class=\"ez-toc-section\" id=\"Acerca_de_Carolina_Uribe_Velasco\"><\/span>Acerca de Carolina Uribe Velasco<span class=\"ez-toc-section-end\"><\/span><\/h2>\n\n\n\n<div class=\"wp-block-columns has-2-columns is-layout-flex wp-container-core-columns-is-layout-2 wp-block-columns-is-layout-flex\">\n<div class=\"wp-block-column is-layout-flow wp-block-column-is-layout-flow\">\n<figure class=\"wp-block-image\"><img decoding=\"async\" src=\"https:\/\/p4s.co\/news\/wp-content\/\/uploads\/2023\/03\/dia-de-la-mujer-emprendedora-perfil-carolina-uribe-plataforma-hackathon-innovacion-inversion-partners-for-startups-red-de-emprendimiento.webp\" alt=\"dia de la mujer emprendedora perfil carolina uribe\" class=\"wp-image-6821\"\/><figcaption><a href=\"https:\/\/www.linkedin.com\/in\/carolinauribevelasco\/\">Carolina Uribe Velasco<\/a><\/figcaption><\/figure>\n<\/div>\n\n\n\n<div class=\"wp-block-column is-layout-flow wp-block-column-is-layout-flow\">\n<p><a href=\"https:\/\/www.linkedin.com\/in\/carolinauribevelasco\/\">Carolina Uribe Velasco<\/a> es Co Fundadora y L\u00edder de Operaciones de  Atrae Negocios. Ense\u00f1a todo lo relacionado con LinkedIn desde los  datos. <\/p>\n\n\n\n<p>Ha compartido m\u00e1s de 50 conferencias,  40 eventos y capacitado a m\u00e1s de 4.500 personas en temas de tecnolog\u00eda y  LinkedIn. <\/p>\n\n\n\n<p>Coanfitri\u00f3n de la comunidad LinkedIn Local Colombia.<\/p>\n<\/div>\n<\/div>\n\n\n\n<h2 class=\"wp-block-heading\"><span class=\"ez-toc-section\" id=\"Conoce_un_poco_mas_de_p4sco\"><\/span>Conoce un poco m\u00e1s de p4s.co<span class=\"ez-toc-section-end\"><\/span><\/h2>\n\n\n\n<p>Conoce startups y eventos en nuestra red de emprendimiento. En la medida que vamos creciendo con nuestros negocios, se hace necesario establecer una base s\u00f3lida de networking en donde podamos buscar apoyo y conocimiento en la <a href=\"https:\/\/p4s.co\/news\/red-de-emprendimiento\/\">red de emprendimiento<\/a>.<\/p>\n\n\n\n<p>Alguna vez te has preguntado:<\/p>\n\n\n\n<blockquote class=\"wp-block-quote is-layout-flow wp-block-quote-is-layout-flow\"><p><em>\u00bfPor qu\u00e9 pertenecer a una red de emprendimiento?<br>\u00bfQu\u00e9 elementos encontramos en la red de emprendimiento?<br>\u00bfC\u00f3mo hacer parte de la red de emprendimiento?<\/em><\/p><\/blockquote>\n\n\n\n<p>Si quieres conocer las respuestas a estos interrogantes te invitamos a leer acerca de nuestra <a href=\"https:\/\/p4s.co\/news\/red-de-emprendimiento\/\">red de emprendimiento<\/a>.<\/p>\n\n\n\n<h3 class=\"wp-block-heading\"><span class=\"ez-toc-section\" id=\"%C2%BFQuieres_organizar_una_Hackathon\"><\/span>\u00bfQuieres organizar una Hackathon?<span class=\"ez-toc-section-end\"><\/span><\/h3>\n\n\n\n<p>Lanza r\u00e1pidamente tu reto corporativo en nuestra red de m\u00e1s de 25,000 emprendedores en Latam. Adem\u00e1s podr\u00e1s hacer el seguimiento del avance de los proyectos participantes a trav\u00e9s de nuestro <a href=\"https:\/\/p4s.co\/news\/como-administrar-proyectos-en-p4s\/\">Project Manager<\/a>. Tambi\u00e9n tendr\u00e1s acceso a nuestra Liga de Mentores que trabajar\u00e1n por hacer realidad los productos de innovaci\u00f3n que tu organizaci\u00f3n necesita.<\/p>\n\n\n\n<p>Te invitamos a conocer nuestra plataforma de Hackathons e innovaci\u00f3n corporativa.<\/p>\n\n\n\n<figure class=\"wp-block-embed-wordpress wp-block-embed is-type-wp-embed is-provider-p-4-s-co\"><div class=\"wp-block-embed__wrapper\">\n<blockquote class=\"wp-embedded-content\" data-secret=\"KhVVrSpwkT\"><a href=\"https:\/\/p4s.co\/news\/plataforma-de-hackathons\/\">Plataforma de Hackathon y Retos de Innovaci\u00f3n Corporativa<\/a><\/blockquote><iframe loading=\"lazy\" class=\"wp-embedded-content\" sandbox=\"allow-scripts\" security=\"restricted\" style=\"position: absolute; clip: rect(1px, 1px, 1px, 1px);\" title=\"&#171;Plataforma de Hackathon y Retos de Innovaci\u00f3n Corporativa&#187; &#8212; p4s.co\" src=\"https:\/\/p4s.co\/news\/plataforma-de-hackathons\/embed\/#?secret=KhVVrSpwkT\" data-secret=\"KhVVrSpwkT\" width=\"600\" height=\"338\" frameborder=\"0\" marginwidth=\"0\" marginheight=\"0\" scrolling=\"no\"><\/iframe>\n<\/div><figcaption>Consulta nuestra plataforma de Hackathons<\/figcaption><\/figure>\n\n\n\n<h3 class=\"wp-block-heading\"><span class=\"ez-toc-section\" id=\"Aca_puedes_ver_lo_que_p4sco_hace_por_ti\"><\/span>Ac\u00e1 puedes ver lo que p4s.co hace por ti<span class=\"ez-toc-section-end\"><\/span><\/h3>\n\n\n\n<p>Si quieres ser parte de nuestra red de emprendimiento para usar <a href=\"https:\/\/p4s.co\/news\/category\/ayuda\/\">nuestras herramientas<\/a> y hacer networking, te invitamos a <a rel=\"noreferrer noopener\" href=\"https:\/\/p4s.co\/registro\" target=\"_blank\"><strong>reg\u00edstrarte<\/strong><\/a> ya mismo. Al ingresar podr\u00e1s empezar a crear tus <a rel=\"noreferrer noopener\" href=\"https:\/\/p4s.co\/news\/como-administrar-proyectos-en-p4s\/\" target=\"_blank\"><strong>proyectos<\/strong><\/a> con el apoyo de nuestros <a rel=\"noreferrer noopener\" href=\"https:\/\/p4s.co\/mentores\" target=\"_blank\"><strong>mentores<\/strong><\/a> a trav\u00e9s de nuestro <a rel=\"noreferrer noopener\" href=\"https:\/\/p4s.co\/news\/mentorias-para-startup\/\" target=\"_blank\"><strong>nuevo servicio de mentor\u00edas<\/strong><\/a>. Tambi\u00e9n podr\u00e1s obtener recursos mediante <strong>hackathons<\/strong> y <strong>ruedas de negocio<\/strong>, as\u00ed mismo recibir\u00e1s contenidos todas las semanas para mantenerte informado.<\/p>\n\n\n\n<p style=\"text-align:center\" class=\"has-text-color has-background has-very-dark-gray-color has-pale-cyan-blue-background-color\"><strong><a href=\"https:\/\/p4s.co\/registro\" target=\"_blank\" rel=\"noreferrer noopener\" aria-label=\"Reg\u00edstrate (abre en una nueva pesta\u00f1a)\">Reg\u00edstrate<\/a><\/strong><\/p>\n\n\n<p><!--EndFragment--><\/p>","protected":false},"excerpt":{"rendered":"<p>Las mujeres emprendedoras son una parte esencial de la econom\u00eda y de la sociedad en general. Las mujeres han estado hist\u00f3ricamente subrepresentadas en el mundo empresarial y emprendedor, pero en las \u00faltimas d\u00e9cadas, han logrado avances significativos en este \u00e1mbito. Por esta raz\u00f3n invitamos a Viviana del Pilar L\u00f3pez y a Carolina Uribe Velazco a celebrar el d\u00eda de la mujer emprendedora.<\/p>\n","protected":false},"author":7,"featured_media":6815,"comment_status":"open","ping_status":"open","sticky":false,"template":"","format":"standard","meta":{"footnotes":""},"categories":[1,654,158],"tags":[370,378,371,47],"class_list":["post-6814","post","type-post","status-publish","format-standard","has-post-thumbnail","hentry","category-articulos","category-innovacion-corporativa-en-vivo","category-invitaciones","tag-mujer","tag-mujer-empresaria","tag-mujeres-tech","tag-startup"],"_links":{"self":[{"href":"https:\/\/p4s.co\/news\/wp-json\/wp\/v2\/posts\/6814","targetHints":{"allow":["GET"]}}],"collection":[{"href":"https:\/\/p4s.co\/news\/wp-json\/wp\/v2\/posts"}],"about":[{"href":"https:\/\/p4s.co\/news\/wp-json\/wp\/v2\/types\/post"}],"author":[{"embeddable":true,"href":"https:\/\/p4s.co\/news\/wp-json\/wp\/v2\/users\/7"}],"replies":[{"embeddable":true,"href":"https:\/\/p4s.co\/news\/wp-json\/wp\/v2\/comments?post=6814"}],"version-history":[{"count":5,"href":"https:\/\/p4s.co\/news\/wp-json\/wp\/v2\/posts\/6814\/revisions"}],"predecessor-version":[{"id":6825,"href":"https:\/\/p4s.co\/news\/wp-json\/wp\/v2\/posts\/6814\/revisions\/6825"}],"wp:featuredmedia":[{"embeddable":true,"href":"https:\/\/p4s.co\/news\/wp-json\/wp\/v2\/media\/6815"}],"wp:attachment":[{"href":"https:\/\/p4s.co\/news\/wp-json\/wp\/v2\/media?parent=6814"}],"wp:term":[{"taxonomy":"category","embeddable":true,"href":"https:\/\/p4s.co\/news\/wp-json\/wp\/v2\/categories?post=6814"},{"taxonomy":"post_tag","embeddable":true,"href":"https:\/\/p4s.co\/news\/wp-json\/wp\/v2\/tags?post=6814"}],"curies":[{"name":"wp","href":"https:\/\/api.w.org\/{rel}","templated":true}]}}