{"id":4268,"date":"2021-03-10T16:18:32","date_gmt":"2021-03-10T21:18:32","guid":{"rendered":"https:\/\/p4s.co\/news\/?p=4268"},"modified":"2025-04-22T23:44:36","modified_gmt":"2025-04-23T04:44:36","slug":"dinamica-de-la-innovacion-empresarial-en-colombia","status":"publish","type":"post","link":"https:\/\/p4s.co\/news\/dinamica-de-la-innovacion-empresarial-en-colombia\/","title":{"rendered":"Din\u00e1mica de la innovaci\u00f3n empresarial en Colombia"},"content":{"rendered":"<div id=\"ez-toc-container\" class=\"ez-toc-v2_0_56_1 counter-hierarchy ez-toc-counter ez-toc-light-blue ez-toc-container-direction\">\n<div class=\"ez-toc-title-container\">\n<p class=\"ez-toc-title \" >&Iacute;ndice de contenidos<\/p>\n<span class=\"ez-toc-title-toggle\"><a href=\"#\" class=\"ez-toc-pull-right ez-toc-btn ez-toc-btn-xs ez-toc-btn-default ez-toc-toggle\" aria-label=\"Toggle Table of Content\" role=\"button\"><label for=\"item-69ede86c64785\" ><span class=\"\"><span style=\"display:none;\">Toggle<\/span><span class=\"ez-toc-icon-toggle-span\"><svg style=\"fill: #999;color:#999\" xmlns=\"http:\/\/www.w3.org\/2000\/svg\" class=\"list-377408\" width=\"20px\" height=\"20px\" viewBox=\"0 0 24 24\" fill=\"none\"><path d=\"M6 6H4v2h2V6zm14 0H8v2h12V6zM4 11h2v2H4v-2zm16 0H8v2h12v-2zM4 16h2v2H4v-2zm16 0H8v2h12v-2z\" fill=\"currentColor\"><\/path><\/svg><svg style=\"fill: #999;color:#999\" class=\"arrow-unsorted-368013\" xmlns=\"http:\/\/www.w3.org\/2000\/svg\" width=\"10px\" height=\"10px\" viewBox=\"0 0 24 24\" version=\"1.2\" baseProfile=\"tiny\"><path d=\"M18.2 9.3l-6.2-6.3-6.2 6.3c-.2.2-.3.4-.3.7s.1.5.3.7c.2.2.4.3.7.3h11c.3 0 .5-.1.7-.3.2-.2.3-.5.3-.7s-.1-.5-.3-.7zM5.8 14.7l6.2 6.3 6.2-6.3c.2-.2.3-.5.3-.7s-.1-.5-.3-.7c-.2-.2-.4-.3-.7-.3h-11c-.3 0-.5.1-.7.3-.2.2-.3.5-.3.7s.1.5.3.7z\"\/><\/svg><\/span><\/span><\/label><input aria-label=\"Toggle\" aria-label=\"item-69ede86c64785\"  type=\"checkbox\" id=\"item-69ede86c64785\"><\/a><\/span><\/div>\n<nav><ul class='ez-toc-list ez-toc-list-level-1 eztoc-toggle-hide-by-default' ><li class='ez-toc-page-1 ez-toc-heading-level-2'><a class=\"ez-toc-link ez-toc-heading-1\" href=\"https:\/\/p4s.co\/news\/dinamica-de-la-innovacion-empresarial-en-colombia\/#Dinamica_de_la_innovacion_empresarial_en_Colombia_con_Daniela_Rico_Balvin\" title=\"Din\u00e1mica de la innovaci\u00f3n empresarial en Colombia con Daniela Rico Balv\u00edn\">Din\u00e1mica de la innovaci\u00f3n empresarial en Colombia con Daniela Rico Balv\u00edn<\/a><ul class='ez-toc-list-level-3'><li class='ez-toc-heading-level-3'><a class=\"ez-toc-link ez-toc-heading-2\" href=\"https:\/\/p4s.co\/news\/dinamica-de-la-innovacion-empresarial-en-colombia\/#La_ANDI_comprometida_con_el_desarrollo_empresarial_del_pais\" title=\"La ANDI comprometida con el desarrollo empresarial del pa\u00eds.\">La ANDI comprometida con el desarrollo empresarial del pa\u00eds.<\/a><\/li><li class='ez-toc-page-1 ez-toc-heading-level-3'><a class=\"ez-toc-link ez-toc-heading-3\" href=\"https:\/\/p4s.co\/news\/dinamica-de-la-innovacion-empresarial-en-colombia\/#Nuestra_invitada_esta_semana\" title=\"Nuestra invitada esta semana\">Nuestra invitada esta semana<\/a><\/li><\/ul><\/li><li class='ez-toc-page-1 ez-toc-heading-level-2'><a class=\"ez-toc-link ez-toc-heading-4\" href=\"https:\/\/p4s.co\/news\/dinamica-de-la-innovacion-empresarial-en-colombia\/#Aca_puedes_ver_lo_que_hacemos_por_ti\" title=\"Ac\u00e1 puedes ver lo que hacemos por ti\">Ac\u00e1 puedes ver lo que hacemos por ti<\/a><\/li><\/ul><\/nav><\/div>\n\n<h2 class=\"wp-block-heading\"><span class=\"ez-toc-section\" id=\"Dinamica_de_la_innovacion_empresarial_en_Colombia_con_Daniela_Rico_Balvin\"><\/span>Din\u00e1mica de la innovaci\u00f3n empresarial en Colombia con Daniela Rico Balv\u00edn<span class=\"ez-toc-section-end\"><\/span><\/h2>\n\n\n\n<p><\/p>\n\n\n\n<p><iframe loading=\"lazy\" src=\"https:\/\/www.youtube.com\/embed\/wjyeENVmFps\" allow=\"accelerometer; autoplay; clipboard-write; encrypted-media; gyroscope; picture-in-picture\" allowfullscreen=\"\" width=\"560\" height=\"315\" frameborder=\"0\"><\/iframe><\/p>\n\n\n\n<h3 class=\"wp-block-heading\"><span class=\"ez-toc-section\" id=\"La_ANDI_comprometida_con_el_desarrollo_empresarial_del_pais\"><\/span>La ANDI comprometida con el desarrollo empresarial del pa\u00eds.<span class=\"ez-toc-section-end\"><\/span><\/h3>\n\n\n\n<p>La Asociaci\u00f3n Nacional de Empresarios de Colombia (ANDI), es una agremiaci\u00f3n sin \u00e1nimo de lucro, que tiene como objetivo difundir y propi\u200bciar los principios pol\u00edticos, econ\u00f3micos y sociales de un sano sistema de libre empresa. Desde el a\u00f1o 2020 le apuesta a la din\u00e1mica de la innovaci\u00f3n empresarial en Colombia, para que sea el pa\u00eds&nbsp;m\u00e1s competitivo de Am\u00e9rica Latina, alcanzando un&nbsp;crecimiento permanente del PIB empresarial e industrial y logrando una reducci\u00f3n importante en la <strong>i<\/strong>nformalidad, contrabando y otras formas de ilegalidad. <\/p>\n\n\n\n<p>As\u00ed mismo, participando en la construcci\u00f3n de pol\u00edticas p\u00fablicas y proyectos que mejoren la certidumbre jur\u00eddica, cerrando las brechas del&nbsp;capital humano y fomentando el emprendimiento y la innovaci\u00f3n<strong>,<\/strong> todo enmarcado en una&nbsp;estrategia de desarrollo social y sostenible, desde el departamento de Innovaci\u00f3n y Emprendimiento de la ANDI, el cual promueve la consolidaci\u00f3n de un ecosistema de investigaci\u00f3n, desarrollo tecnol\u00f3gico, innovaci\u00f3n y emprendimiento (I+D+i+e) desde estos tres objetivos.<\/p>\n\n\n\n<ol class=\"wp-block-list\"><li>Promover la cultura de la innovaci\u00f3n y el emprendimiento que permita la creaci\u00f3n de valor al interior de las organizaciones.<\/li><li>Liderar programas para hacer m\u00e1s sofisticado el aparato productivo nacional.<\/li><li>Impulsar acciones que generan el entorno propicio para que las empresas nuevas y ya establecidas, introduzcan al mercado nuevas y mejores soluciones.<\/li><\/ol>\n\n\n\n<h3 class=\"wp-block-heading\"><span class=\"ez-toc-section\" id=\"Nuestra_invitada_esta_semana\"><\/span>Nuestra invitada esta semana<span class=\"ez-toc-section-end\"><\/span><\/h3>\n\n\n\n<p>Una de las mujeres que est\u00e1n detr\u00e1s de este proceso es <a href=\"https:\/\/www.linkedin.com\/in\/danielarico\/\">Daniela Rico Balv\u00edn<\/a>, Coordinadora Nacional de Innovaci\u00f3n \u2013 Asociaci\u00f3n Nacional de Empresarios de Colombia ANDI, L\u00edder del Ranking de Innovaci\u00f3n, quien ser\u00e1 nuestra invitada al programa de <a href=\"https:\/\/p4s.co\/news\/resenas\/\">Innovaci\u00f3n Corporativa<\/a>, ella es Mag\u00edster en Gesti\u00f3n de Ciencia, Tecnolog\u00eda e Innovaci\u00f3n y ganadora del Premio Mujer Joven Talento en la categor\u00eda de ciencia de Alcald\u00eda de Medell\u00edn. Caracteriz\u00e1ndose por su gran capacidad de liderazgo en programas de innovaci\u00f3n abierta y de transferencia tecnol\u00f3gica.<\/p>\n\n\n\n<p>Este mes de marzo est\u00e1 dedicado a todas las mujeres empresarias y emprendedoras que aportan d\u00eda a d\u00eda su talento, fuerza y dedicaci\u00f3n, para la reactivaci\u00f3n econ\u00f3micamente del pa\u00eds desde el \u00e1mbito de la innovaci\u00f3n empresarial.<\/p>\n\n\n\n<p><strong>Acomp\u00e1\u00f1anos todos los jueves a las 7:00 pm en nuestros canales de Facebook y YouTube y conoce la historia de las protagonistas del emprendimiento tecnol\u00f3gico de nuestro pa\u00eds.<\/strong><\/p>\n\n\n\n<p><strong>Link Facebook:<\/strong> <strong><a href=\"https:\/\/www.facebook.com\/p4sco\/posts\/3928665983864858\" target=\"_blank\" rel=\"noreferrer noopener\" aria-label=\" (abre en una nueva pesta\u00f1a)\">https:\/\/www.facebook.com\/p4sco\/posts\/3928665983864858<\/a><\/strong> <\/p>\n\n\n\n<p><strong>Link YouTube: <a href=\"https:\/\/youtu.be\/wjyeENVmFps\" target=\"_blank\" rel=\"noreferrer noopener\" aria-label=\"https:\/\/youtu.be\/wjyeENVmFps (abre en una nueva pesta\u00f1a)\">https:\/\/youtu.be\/wjyeENVmFps<\/a><\/strong><\/p>\n\n\n\n<h2 class=\"wp-block-heading\"><span class=\"ez-toc-section\" id=\"Aca_puedes_ver_lo_que_hacemos_por_ti\"><\/span>Ac\u00e1 puedes ver lo que hacemos por ti<span class=\"ez-toc-section-end\"><\/span><\/h2>\n\n\n\n<p>Si quieres hacer parte de nuestra comunidad de emprendimiento, <a rel=\"noreferrer noopener\" aria-label=\"reg\u00edstrate (abre en una nueva pesta\u00f1a)\" href=\"https:\/\/p4s.co\/registro\" target=\"_blank\"><strong>reg\u00edstrate<\/strong><\/a> para que recibas los contenidos todas las semanas y empieces a crear tus <a rel=\"noreferrer noopener\" aria-label=\"proyectos (abre en una nueva pesta\u00f1a)\" href=\"https:\/\/p4s.co\/news\/como-administrar-proyectos-en-p4s\/\" target=\"_blank\"><strong>proyectos<\/strong><\/a> con el apoyo de nuestros <a rel=\"noreferrer noopener\" aria-label=\"mentores (abre en una nueva pesta\u00f1a)\" href=\"https:\/\/p4s.co\/mentores\" target=\"_blank\"><strong>mentores<\/strong><\/a>.<\/p>\n\n\n\n<p style=\"text-align:center\" class=\"has-text-color has-background has-very-dark-gray-color has-pale-cyan-blue-background-color\"><strong><a href=\"https:\/\/p4s.co\/registro\" target=\"_blank\" rel=\"noreferrer noopener\" aria-label=\"Reg\u00edstrate (abre en una nueva pesta\u00f1a)\">Reg\u00edstrate<\/a><\/strong><\/p>\n\n\n\n<figure class=\"wp-block-embed-wordpress wp-block-embed is-type-wp-embed is-provider-p-4-s-co\"><div class=\"wp-block-embed__wrapper\">\n<blockquote class=\"wp-embedded-content\" data-secret=\"hYmwmlo7wZ\"><a href=\"https:\/\/p4s.co\/news\/hacemos\/\">\u00bfQu\u00e9 hacemos en p4s.co?<\/a><\/blockquote><iframe loading=\"lazy\" class=\"wp-embedded-content\" sandbox=\"allow-scripts\" security=\"restricted\" style=\"position: absolute; clip: rect(1px, 1px, 1px, 1px);\" title=\"&#171;\u00bfQu\u00e9 hacemos en p4s.co?&#187; &#8212; p4s.co\" src=\"https:\/\/p4s.co\/news\/hacemos\/embed\/#?secret=hYmwmlo7wZ\" data-secret=\"hYmwmlo7wZ\" width=\"600\" height=\"338\" frameborder=\"0\" marginwidth=\"0\" marginheight=\"0\" scrolling=\"no\"><\/iframe>\n<\/div><\/figure>\n\n\n\n<p class=\"has-medium-font-size\"><strong>Para seguir recibiendo este tipo de contenido<\/strong>, suscr\u00edbete a nuestro canal de <a rel=\"noreferrer noopener\" aria-label=\" (abre en una nueva pesta\u00f1a)\" href=\"https:\/\/www.youtube.com\/c\/p4slive\/\" target=\"_blank\">YouTube<\/a> y sigue nuestra p\u00e1gina en <a rel=\"noreferrer noopener\" aria-label=\" (abre en una nueva pesta\u00f1a)\" href=\"https:\/\/facebook.com\/p4s.co\/\" target=\"_blank\">Facebook:<\/a><\/p>\n\n\n\n<p><strong>Link de FaceBook: <\/strong><a rel=\"noreferrer noopener\" aria-label=\" (abre en una nueva pesta\u00f1a)\" href=\"https:\/\/www.facebook.com\/p4sco\/\" target=\"_blank\"><strong>https:\/\/www.facebook.com\/p4sco\/<\/strong><\/a> <\/p>\n\n\n\n<p><strong>Link YouTube : <\/strong><a rel=\"noreferrer noopener\" aria-label=\" (abre en una nueva pesta\u00f1a)\" href=\"https:\/\/www.youtube.com\/c\/p4slive\" target=\"_blank\"><strong>https:\/www.yutube.com\/c\/p4slive  <\/strong><\/a><\/p>\n\n\n\n<p><\/p>\n","protected":false},"excerpt":{"rendered":"<p>Daniela Rico Balv\u00edn, Coordinadora Nacional de Innovaci\u00f3n \u2013 Asociaci\u00f3n Nacional de Empresarios de Colombia ANDI, L\u00edder del Ranking de Innovaci\u00f3n, quien es nuestra invitada al programa de Innovaci\u00f3n Corporativa, ella es Mag\u00edster en Gesti\u00f3n de Ciencia, Tecnolog\u00eda e Innovaci\u00f3n y ganadora del Premio Mujer joven talento en la categor\u00eda de ciencia de Alcald\u00eda de Medell\u00edn. Caracteriz\u00e1ndose por su gran capacidad de liderazgo en programas de innovaci\u00f3n abierta y de transferencia tecnol\u00f3gica.<\/p>\n","protected":false},"author":7,"featured_media":4278,"comment_status":"open","ping_status":"open","sticky":false,"template":"","format":"standard","meta":{"footnotes":""},"categories":[654,158],"tags":[373,67,375,377,372,122,379,16,10,380,376,370,378,12,381,374],"class_list":["post-4268","post","type-post","status-publish","format-standard","has-post-thumbnail","hentry","category-innovacion-corporativa-en-vivo","category-invitaciones","tag-andi","tag-colombia","tag-daniela-rico-balvin","tag-dia-de-la-mujer","tag-empresarias","tag-entrevista","tag-gerencia-nacional-de-innovacion","tag-innovacion","tag-innovacion-corporativa","tag-libre-empresa","tag-marzo","tag-mujer","tag-mujer-empresaria","tag-p4slive","tag-pib-empresarial-e-industrial","tag-premio-mujer"],"_links":{"self":[{"href":"https:\/\/p4s.co\/news\/wp-json\/wp\/v2\/posts\/4268","targetHints":{"allow":["GET"]}}],"collection":[{"href":"https:\/\/p4s.co\/news\/wp-json\/wp\/v2\/posts"}],"about":[{"href":"https:\/\/p4s.co\/news\/wp-json\/wp\/v2\/types\/post"}],"author":[{"embeddable":true,"href":"https:\/\/p4s.co\/news\/wp-json\/wp\/v2\/users\/7"}],"replies":[{"embeddable":true,"href":"https:\/\/p4s.co\/news\/wp-json\/wp\/v2\/comments?post=4268"}],"version-history":[{"count":9,"href":"https:\/\/p4s.co\/news\/wp-json\/wp\/v2\/posts\/4268\/revisions"}],"predecessor-version":[{"id":7125,"href":"https:\/\/p4s.co\/news\/wp-json\/wp\/v2\/posts\/4268\/revisions\/7125"}],"wp:featuredmedia":[{"embeddable":true,"href":"https:\/\/p4s.co\/news\/wp-json\/wp\/v2\/media\/4278"}],"wp:attachment":[{"href":"https:\/\/p4s.co\/news\/wp-json\/wp\/v2\/media?parent=4268"}],"wp:term":[{"taxonomy":"category","embeddable":true,"href":"https:\/\/p4s.co\/news\/wp-json\/wp\/v2\/categories?post=4268"},{"taxonomy":"post_tag","embeddable":true,"href":"https:\/\/p4s.co\/news\/wp-json\/wp\/v2\/tags?post=4268"}],"curies":[{"name":"wp","href":"https:\/\/api.w.org\/{rel}","templated":true}]}}