{"id":1806,"date":"2020-04-27T15:01:35","date_gmt":"2020-04-27T20:01:35","guid":{"rendered":"https:\/\/p4s.co\/news\/?p=1806"},"modified":"2020-05-22T17:59:32","modified_gmt":"2020-05-22T22:59:32","slug":"coworking-y-la-recuperacion-economica-post-covid","status":"publish","type":"post","link":"https:\/\/p4s.co\/news\/coworking-y-la-recuperacion-economica-post-covid\/","title":{"rendered":"Mejora tu econom\u00eda Post COVID_19 implementando Coworking"},"content":{"rendered":"<div id=\"ez-toc-container\" class=\"ez-toc-v2_0_56_1 counter-hierarchy ez-toc-counter ez-toc-light-blue ez-toc-container-direction\">\n<div class=\"ez-toc-title-container\">\n<p class=\"ez-toc-title \" >&Iacute;ndice de contenidos<\/p>\n<span class=\"ez-toc-title-toggle\"><a href=\"#\" class=\"ez-toc-pull-right ez-toc-btn ez-toc-btn-xs ez-toc-btn-default ez-toc-toggle\" aria-label=\"Toggle Table of Content\" role=\"button\"><label for=\"item-69ee67bd5a8d0\" ><span class=\"\"><span style=\"display:none;\">Toggle<\/span><span class=\"ez-toc-icon-toggle-span\"><svg style=\"fill: #999;color:#999\" xmlns=\"http:\/\/www.w3.org\/2000\/svg\" class=\"list-377408\" width=\"20px\" height=\"20px\" viewBox=\"0 0 24 24\" fill=\"none\"><path d=\"M6 6H4v2h2V6zm14 0H8v2h12V6zM4 11h2v2H4v-2zm16 0H8v2h12v-2zM4 16h2v2H4v-2zm16 0H8v2h12v-2z\" fill=\"currentColor\"><\/path><\/svg><svg style=\"fill: #999;color:#999\" class=\"arrow-unsorted-368013\" xmlns=\"http:\/\/www.w3.org\/2000\/svg\" width=\"10px\" height=\"10px\" viewBox=\"0 0 24 24\" version=\"1.2\" baseProfile=\"tiny\"><path d=\"M18.2 9.3l-6.2-6.3-6.2 6.3c-.2.2-.3.4-.3.7s.1.5.3.7c.2.2.4.3.7.3h11c.3 0 .5-.1.7-.3.2-.2.3-.5.3-.7s-.1-.5-.3-.7zM5.8 14.7l6.2 6.3 6.2-6.3c.2-.2.3-.5.3-.7s-.1-.5-.3-.7c-.2-.2-.4-.3-.7-.3h-11c-.3 0-.5.1-.7.3-.2.2-.3.5-.3.7s.1.5.3.7z\"\/><\/svg><\/span><\/span><\/label><input aria-label=\"Toggle\" aria-label=\"item-69ee67bd5a8d0\"  type=\"checkbox\" id=\"item-69ee67bd5a8d0\"><\/a><\/span><\/div>\n<nav><ul class='ez-toc-list ez-toc-list-level-1 eztoc-toggle-hide-by-default' ><li class='ez-toc-page-1 ez-toc-heading-level-3'><a class=\"ez-toc-link ez-toc-heading-1\" href=\"https:\/\/p4s.co\/news\/coworking-y-la-recuperacion-economica-post-covid\/#%C2%BFVentajas_de_los_coworking\" title=\"\u00bfVentajas de los coworking?\">\u00bfVentajas de los coworking?<\/a><\/li><li class='ez-toc-page-1 ez-toc-heading-level-3'><a class=\"ez-toc-link ez-toc-heading-2\" href=\"https:\/\/p4s.co\/news\/coworking-y-la-recuperacion-economica-post-covid\/#_%C2%BFQue_ofrece_IWG\" title=\"&nbsp;\u00bfQu\u00e9 ofrece IWG?\">&nbsp;\u00bfQu\u00e9 ofrece IWG?<\/a><\/li><li class='ez-toc-page-1 ez-toc-heading-level-3'><a class=\"ez-toc-link ez-toc-heading-3\" href=\"https:\/\/p4s.co\/news\/coworking-y-la-recuperacion-economica-post-covid\/#%C2%BFCual_es_ese_panorama_que_tienen_pronosticado\" title=\"\u00bfCu\u00e1l es ese panorama que tienen pronosticado?\">\u00bfCu\u00e1l es ese panorama que tienen pronosticado?<\/a><\/li><li class='ez-toc-page-1 ez-toc-heading-level-3'><a class=\"ez-toc-link ez-toc-heading-4\" href=\"https:\/\/p4s.co\/news\/coworking-y-la-recuperacion-economica-post-covid\/#%C2%BFCual_es_la_funcion_de_estos_espacios_en_estos_tiempos_de_COVID_19\" title=\"\u00bfCu\u00e1l es la funci\u00f3n de estos espacios en estos tiempos de COVID_19?\">\u00bfCu\u00e1l es la funci\u00f3n de estos espacios en estos tiempos de COVID_19?<\/a><\/li><li class='ez-toc-page-1 ez-toc-heading-level-3'><a class=\"ez-toc-link ez-toc-heading-5\" href=\"https:\/\/p4s.co\/news\/coworking-y-la-recuperacion-economica-post-covid\/#%C2%BFQue_medidas_se_estan_implementando_para_empezar_a_funcionar_de_nuevo\" title=\"\u00bfQu\u00e9 medidas se est\u00e1n implementando para empezar a funcionar de nuevo?\">\u00bfQu\u00e9 medidas se est\u00e1n implementando para empezar a funcionar de nuevo?<\/a><ul class='ez-toc-list-level-4'><li class='ez-toc-heading-level-4'><a class=\"ez-toc-link ez-toc-heading-6\" href=\"https:\/\/p4s.co\/news\/coworking-y-la-recuperacion-economica-post-covid\/#YouTube_Live\" title=\"YouTube Live:\">YouTube Live:<\/a><\/li><\/ul><\/li><\/ul><\/nav><\/div>\n\n<p>\u00bfCoworking? \u00bfQu\u00e9 es eso?, son espacios dise\u00f1ados para que el trabajo de las personas dentro de ellos fluya, obteniendo resultados efectivos. Consta de oficinas compartidas donde m\u00e1s de un empresario se encuentra en el mismo lugar, aplicando un modelo de trabajo m\u00e1s flexible y orientado a la realizaci\u00f3n de proyectos.&nbsp;<br><\/p>\n\n\n\n<p>Para hablar un poco m\u00e1s de esta incre\u00edble forma de empleo, nos acompa\u00f1\u00f3 en nuestro programa de Innovaci\u00f3n Corporativa, <a href=\"https:\/\/www.linkedin.com\/in\/samir-amad-5859786\/\" target=\"_blank\" rel=\"noreferrer noopener\" aria-label=\" (abre en una nueva pesta\u00f1a)\">Samir Amad<\/a>, VP Sales Latin America para IWG y<a rel=\"noreferrer noopener\" aria-label=\" (abre en una nueva pesta\u00f1a)\" href=\"https:\/\/www.linkedin.com\/in\/tiagolhes\/\" target=\"_blank\"> Tiago Alves<\/a>, Country Manager IWG Brasil, invitados que respondieron todas las inquietudes y preguntas para la comunidad emprendedora.<\/p>\n\n\n\n<h3 class=\"wp-block-heading\"><span class=\"ez-toc-section\" id=\"%C2%BFVentajas_de_los_coworking\"><\/span><strong>\u00bfVentajas de los<\/strong><strong><em> coworking<\/em><\/strong><strong>?<\/strong><span class=\"ez-toc-section-end\"><\/span><\/h3>\n\n\n\n<p>Estos son algunos de los beneficios de trabajar en un Coworking:<\/p>\n\n\n\n<ul class=\"wp-block-list\"><li>Espacio profesional a bajo costo, donde puedes trabajar tranquilamente.<\/li><li>Te ayuda a mantenerte al d\u00eda, gracias al intercambio de informaci\u00f3n y conocimiento entre <em>coworkers.<\/em><\/li><li>Flexibilidad, te permiten adecuar el precio mensual del espacio con base al tiempo que utilizas las instalaciones.<\/li><li>Est\u00e1 adaptado para tener mejor productividad y disciplina.&nbsp;&nbsp;<\/li><li>Relacionamiento asertivo para enriquecer proyectos y poder llevarlos a cabo.<\/li><li>Imagen, transmite a tus cliente un ambiente m\u00e1s profesional.&nbsp;<\/li><\/ul>\n\n\n\n<h3 class=\"wp-block-heading\"><span class=\"ez-toc-section\" id=\"_%C2%BFQue_ofrece_IWG\"><\/span>&nbsp;<strong>\u00bfQu\u00e9 ofrece IWG?<\/strong><span class=\"ez-toc-section-end\"><\/span><\/h3>\n\n\n\n<p>Es una empresa con una trayectoria de 30 a\u00f1os, que ofrece las mejores soluciones inmobiliarias para empresas&nbsp;desde el coworking. Est\u00e1n ubicados en pr\u00e1cticamente todos los pa\u00edses, ciudades y centros de transporte.&nbsp;<\/p>\n\n\n\n<p>Permiten que las personas y las empresas trabajen d\u00f3nde, cu\u00e1ndo y c\u00f3mo quieran, por lo que todos sus espacios est\u00e1n dise\u00f1ados para la productividad de las mismas, proporcionando todo lo necesario ya sea tecnolog\u00eda l\u00edder en la industria, un servicio de recepci\u00f3n profesional o comida y bebida de calidad.<\/p>\n\n\n\n<p>Cuentan con oficinas de trabajo privadas, oficinas virtuales, coworking, servicios de salas de juntas y membres\u00eda. Adem\u00e1s de clientes, como: bancos, startups, empresas de tecnolog\u00eda, hospitales y todos aquellos empresarios que necesitan funcionar independientemente.  Lo pueden lograr utilizando este tipo de espacios . En am\u00e9rica latina est\u00e1n en 22 pa\u00edses con 60 sedes contando la de Brasil que es la m\u00e1s grande de todas.<\/p>\n\n\n\n<h3 class=\"wp-block-heading\"><span class=\"ez-toc-section\" id=\"%C2%BFCual_es_ese_panorama_que_tienen_pronosticado\"><\/span><strong>\u00bfCu\u00e1l es ese panorama que tienen pronosticado?<\/strong><span class=\"ez-toc-section-end\"><\/span><\/h3>\n\n\n\n<p>Teniendo en cuenta que los espacios de<em> coworking<\/em> han venido posicion\u00e1ndose los \u00faltimos a\u00f1os en la modalidad de trabajo flexible. Y que nosotros como compa\u00f1\u00eda mundial contamos con 35 a\u00f1os de experiencia donde hemos tenido que afrontar crisis econ\u00f3micas en varias partes del mundo Hay al menos tres razones por las cuales la industria de <em>coworking <\/em>deber\u00eda salir de la crisis de COVID-19 no s\u00f3lo m\u00e1s fuerte sino mucho m\u00e1s importante y necesario para las empresas.&nbsp;<\/p>\n\n\n\n<p>Probablemente sean unos de sus activos clave de la recuperaci\u00f3n. Los trabajadores remotos tienen que trabajar desde alg\u00fan lugar y no nos referimos a su hogar por varios factores que no permiten la efectividad necesaria para llevar a cabo cada una de sus funciones.<\/p>\n\n\n\n<p>La pandemia deber\u00eda impulsar a las empresas a abrazar el teletrabajo, las organizaciones p\u00fablicas y privadas necesitan atraer trabajadores remotos de otros lugares que aporten positivamente el crecimiento y desarrollo del pa\u00eds.<\/p>\n\n\n\n<h3 class=\"wp-block-heading\"><span class=\"ez-toc-section\" id=\"%C2%BFCual_es_la_funcion_de_estos_espacios_en_estos_tiempos_de_COVID_19\"><\/span><strong>\u00bfCu\u00e1l es la funci\u00f3n de estos espacios en estos tiempos de COVID_19?<\/strong><span class=\"ez-toc-section-end\"><\/span><\/h3>\n\n\n\n<p>Los espacios de <em>coworking<\/em> juegan un papel clave en esta \u00e9poca, brindando un espacio para los trabajadores remotos, hospedarlos&nbsp; y ayudarlos a conectarse con la escena local. Tambi\u00e9n es muy probable que las grandes corporaciones obt\u00e9n por tomar medidas de distanciamiento entre oficinas. Medida que se est\u00e1 implementando en este tipo de espacios, para ayudar a sus empleados a manejar la crisis como tambi\u00e9n para afrontar la transici\u00f3n de volver a laborar presencialmente.<\/p>\n\n\n\n<p>Somos conscientes de que, muchos de los empresarios que trabajan en casa, no proporcionan una soluci\u00f3n efectiva ni una imagen profesional. Por lo que para estos empresarios de compa\u00f1\u00edas de este tipo les ser\u00e1 mucho m\u00e1s dif\u00edcil volver a la rutina diaria.&nbsp;<\/p>\n\n\n\n<h3 class=\"wp-block-heading\"><span class=\"ez-toc-section\" id=\"%C2%BFQue_medidas_se_estan_implementando_para_empezar_a_funcionar_de_nuevo\"><\/span><strong>\u00bfQu\u00e9 medidas se est\u00e1n implementando para empezar a funcionar de nuevo?<\/strong><span class=\"ez-toc-section-end\"><\/span><\/h3>\n\n\n\n<p>Desde ya se han implementado estrategias de higiene, seguridad y salud para clientes, poniendo en primer plano la salud de todos, se realizar\u00e1 una disminuci\u00f3n dr\u00e1stica de eventos presenciales, aceleraci\u00f3n de transformaci\u00f3n digital y teletrabajo y aumento de espacios separados. Con la intenci\u00f3n de garantizar un buen servicio que piensa en el bienestar f\u00edsico y psicol\u00f3gico de las personas.<\/p>\n\n\n\n<p>Para m\u00e1s informaci\u00f3n de todos los ben\u00e9ficos que proporcionan los <em>coworking<\/em>, te invitamos a ver la entrevista completa a continuaci\u00f3n&#8230;<\/p>\n\n\n\n<h4 class=\"wp-block-heading\"><span class=\"ez-toc-section\" id=\"YouTube_Live\"><\/span>YouTube Live:<span class=\"ez-toc-section-end\"><\/span><\/h4>\n\n\n\n<figure class=\"wp-block-embed-youtube wp-block-embed is-type-video is-provider-youtube wp-embed-aspect-16-9 wp-has-aspect-ratio wp-embed-aspect-4-3\"><div class=\"wp-block-embed__wrapper\">\n<iframe loading=\"lazy\" title=\"Coworking y la recuperaci\u00f3n econ\u00f3mica  Post Covid\" width=\"1220\" height=\"686\" src=\"https:\/\/www.youtube.com\/embed\/Xk8AHAxJtNg?feature=oembed\" frameborder=\"0\" allow=\"accelerometer; autoplay; encrypted-media; gyroscope; picture-in-picture\" allowfullscreen><\/iframe>\n<\/div><\/figure>\n\n\n\n<p><\/p>\n","protected":false},"excerpt":{"rendered":"<p>En nuestro programa de Innovaci\u00f3n Corporativa nos acompa\u00f1a Samir Amad  VP Sales Latinam\u00e9rica para IWG y   Tiago Alves, Country Manager IWG Brasil  quienes revelar\u00e1n c\u00f3mo los Coworking pueden ser factores claves en la recuperaci\u00f3n econ\u00f3mica despu\u00e9s de la crisis provocada por el covid-19<\/p>\n","protected":false},"author":1,"featured_media":1831,"comment_status":"open","ping_status":"open","sticky":false,"template":"","format":"standard","meta":{"footnotes":""},"categories":[1],"tags":[124,145,122,16,10,11],"class_list":["post-1806","post","type-post","status-publish","format-standard","has-post-thumbnail","hentry","category-articulos","tag-covid19","tag-coworking","tag-entrevista","tag-innovacion","tag-innovacion-corporativa","tag-p4s"],"_links":{"self":[{"href":"https:\/\/p4s.co\/news\/wp-json\/wp\/v2\/posts\/1806","targetHints":{"allow":["GET"]}}],"collection":[{"href":"https:\/\/p4s.co\/news\/wp-json\/wp\/v2\/posts"}],"about":[{"href":"https:\/\/p4s.co\/news\/wp-json\/wp\/v2\/types\/post"}],"author":[{"embeddable":true,"href":"https:\/\/p4s.co\/news\/wp-json\/wp\/v2\/users\/1"}],"replies":[{"embeddable":true,"href":"https:\/\/p4s.co\/news\/wp-json\/wp\/v2\/comments?post=1806"}],"version-history":[{"count":31,"href":"https:\/\/p4s.co\/news\/wp-json\/wp\/v2\/posts\/1806\/revisions"}],"predecessor-version":[{"id":2089,"href":"https:\/\/p4s.co\/news\/wp-json\/wp\/v2\/posts\/1806\/revisions\/2089"}],"wp:featuredmedia":[{"embeddable":true,"href":"https:\/\/p4s.co\/news\/wp-json\/wp\/v2\/media\/1831"}],"wp:attachment":[{"href":"https:\/\/p4s.co\/news\/wp-json\/wp\/v2\/media?parent=1806"}],"wp:term":[{"taxonomy":"category","embeddable":true,"href":"https:\/\/p4s.co\/news\/wp-json\/wp\/v2\/categories?post=1806"},{"taxonomy":"post_tag","embeddable":true,"href":"https:\/\/p4s.co\/news\/wp-json\/wp\/v2\/tags?post=1806"}],"curies":[{"name":"wp","href":"https:\/\/api.w.org\/{rel}","templated":true}]}}